{"id":3675,"date":"2024-12-02T13:33:59","date_gmt":"2024-12-02T13:33:59","guid":{"rendered":"https:\/\/www.eurodies.com\/?p=3675"},"modified":"2024-12-17T13:52:37","modified_gmt":"2024-12-17T13:52:37","slug":"eurodies-buone-feste-con-il-fai","status":"publish","type":"post","link":"https:\/\/www.eurodies.com\/it\/eurodies-buone-feste-con-il-fai\/","title":{"rendered":"Buone Feste insieme al Fai, Fondo per l\u2019Ambiente Italiano"},"content":{"rendered":"<p><div class=\"fusion-fullwidth fullwidth-box fusion-builder-row-1 fusion-flex-container nonhundred-percent-fullwidth non-hundred-percent-height-scrolling\" style=\"--awb-border-radius-top-left:0px;--awb-border-radius-top-right:0px;--awb-border-radius-bottom-right:0px;--awb-border-radius-bottom-left:0px;--awb-padding-right:0px;--awb-padding-left:0px;--awb-margin-top:20px;--awb-flex-wrap:wrap;\" ><div class=\"fusion-builder-row fusion-row fusion-flex-align-items-flex-start fusion-flex-content-wrap\" style=\"max-width:104%;margin-left: calc(-4% \/ 2 );margin-right: calc(-4% \/ 2 );\"><div class=\"fusion-layout-column fusion_builder_column fusion-builder-column-0 fusion_builder_column_1_1 1_1 fusion-flex-column\" style=\"--awb-bg-size:cover;--awb-width-large:100%;--awb-margin-top-large:0px;--awb-spacing-right-large:1.92%;--awb-margin-bottom-large:0px;--awb-spacing-left-large:1.92%;--awb-width-medium:100%;--awb-spacing-right-medium:1.92%;--awb-spacing-left-medium:1.92%;--awb-width-small:100%;--awb-spacing-right-small:1.92%;--awb-spacing-left-small:1.92%;\"><div class=\"fusion-column-wrapper fusion-flex-justify-content-flex-start fusion-content-layout-column\"><\/div><\/div><\/div><\/div><div class=\"fusion-fullwidth fullwidth-box fusion-builder-row-2 fusion-flex-container nonhundred-percent-fullwidth non-hundred-percent-height-scrolling\" style=\"--awb-border-radius-top-left:0px;--awb-border-radius-top-right:0px;--awb-border-radius-bottom-right:0px;--awb-border-radius-bottom-left:0px;--awb-padding-right:0px;--awb-padding-left:0px;--awb-margin-top:20px;--awb-flex-wrap:wrap;\" ><div class=\"fusion-builder-row fusion-row fusion-flex-align-items-flex-start fusion-flex-content-wrap\" style=\"max-width:104%;margin-left: calc(-4% \/ 2 );margin-right: calc(-4% \/ 2 );\"><div class=\"fusion-layout-column fusion_builder_column fusion-builder-column-1 fusion_builder_column_1_1 1_1 fusion-flex-column\" style=\"--awb-bg-size:cover;--awb-width-large:100%;--awb-margin-top-large:0px;--awb-spacing-right-large:1.92%;--awb-margin-bottom-large:0px;--awb-spacing-left-large:1.92%;--awb-width-medium:100%;--awb-spacing-right-medium:1.92%;--awb-spacing-left-medium:1.92%;--awb-width-small:100%;--awb-spacing-right-small:1.92%;--awb-spacing-left-small:1.92%;\"><div class=\"fusion-column-wrapper fusion-flex-justify-content-flex-start fusion-content-layout-column\"><div class=\"fusion-text fusion-text-1\" style=\"--awb-text-transform:none;\"><p>A tutte le persone di Eurodies &#8211; dipendenti, clienti, fornitori e consulenti &#8211; un caloroso augurio di Buone Feste in salute e armonia, e di un 2025 in cui dedicare un po\u2019 del proprio tempo anche alla bellezza della natura, dell\u2019arte e della storia.<\/p>\n<p>La parola \u201cambiente\u201d vuol dire tante cose: biodiversit\u00e0, cultura, comunit\u00e0&#8230; e potremmo allungare la lista. Ognuna di queste espressioni rappresenta un patrimonio per le comunit\u00e0 locali e per il mondo.<\/p>\n<p>L\u2019impegno di Eurodies a favore dell\u2019ambiente passa per i <a href=\"https:\/\/www.eurodies.com\/it\/friction-stir-welding-fsw\/\">progetti di ricerca<\/a> su processi produttivi sostenibili e innovativi, per la radicata, buona abitudine di <a href=\"https:\/\/www.eurodies.com\/it\/scegliere-il-risparmio-energetico\/\">non sprecare e riciclare<\/a> il pi\u00f9 possibile e anche per <a href=\"https:\/\/www.eurodies.com\/it\/eurodies-diventa-fai-golden-donor\/\">la scelta di essere Golden Donor del Fai<\/a>, Fondo per l\u2019Ambiente Italiano.<\/p>\n<p>Lanciata alla fine del 2022, <strong>l\u2019adesione al programma del Fai \u00e8 proseguita per tutto il 2024<\/strong>, con la distribuzione ai\/alle dipendenti di biglietti per accedere ai luoghi italiani curati dalla Fondazione.<\/p>\n<\/div><\/div><\/div><\/div><\/div><div class=\"fusion-fullwidth fullwidth-box fusion-builder-row-3 fusion-flex-container nonhundred-percent-fullwidth non-hundred-percent-height-scrolling\" style=\"--awb-border-radius-top-left:0px;--awb-border-radius-top-right:0px;--awb-border-radius-bottom-right:0px;--awb-border-radius-bottom-left:0px;--awb-padding-right:0px;--awb-padding-left:0px;--awb-margin-top:20px;--awb-flex-wrap:wrap;\" ><div class=\"fusion-builder-row fusion-row fusion-flex-align-items-flex-start fusion-flex-content-wrap\" style=\"max-width:104%;margin-left: calc(-4% \/ 2 );margin-right: calc(-4% \/ 2 );\"><div class=\"fusion-layout-column fusion_builder_column fusion-builder-column-2 fusion_builder_column_1_1 1_1 fusion-flex-column\" style=\"--awb-bg-size:cover;--awb-width-large:100%;--awb-margin-top-large:0px;--awb-spacing-right-large:1.92%;--awb-margin-bottom-large:0px;--awb-spacing-left-large:1.92%;--awb-width-medium:100%;--awb-spacing-right-medium:1.92%;--awb-spacing-left-medium:1.92%;--awb-width-small:100%;--awb-spacing-right-small:1.92%;--awb-spacing-left-small:1.92%;\"><div class=\"fusion-column-wrapper fusion-flex-justify-content-flex-start fusion-content-layout-column\"><div class=\"fusion-text fusion-text-2\" style=\"--awb-text-transform:none;\"><p><strong>L\u2019Italia, Paese delle meraviglie<\/strong><\/p>\n<p>Abbiamo la fortuna di vivere nel Paese con maggior concentrazione di opere d\u2019arte al mondo, un Paese dove anche la storia e la natura rappresentano un\u2019immensa ricchezza. Sentiamo che mantenere e valorizzare questo patrimonio \u00e8 un dovere anche nostro.<\/p>\n<p>Nel silenzioso incontro con queste dimensioni, possa l\u2019ispirazione renderci custodi responsabili &#8211; oltre che ammiratori &#8211; delle splendide opere che rendono il nostro mondo un posto migliore.<\/p>\n<p><em>2 dicembre, 2024<\/em><\/p>\n<\/div><\/div><\/div><\/div><\/div><\/p>\n","protected":false},"excerpt":{"rendered":"<p>A tutte le persone di Eurodies &#8211; dipendenti, clienti, fornitori e consulenti &#8211; un caloroso augurio di Buone Feste in salute e armonia, e di un 2025 in cui dedicare un po\u2019 del proprio tempo anche alla bellezza della natura, dell\u2019arte e della storia.<\/p>\n<p>La parola \u201cambiente\u201d vuol dire tante cose: biodiversit\u00e0, cultura, comunit\u00e0&#8230; e potremmo allungare la lista. Ognuna di queste espressioni rappresenta un patrimonio per le comunit\u00e0 locali e per il mondo.<\/p>\n<p>L\u2019impegno di Eurodies a favore dell\u2019ambiente passa per i progetti di ricerca su processi produttivi sostenibili e innovativi, per la radicata, buona abitudine di non sprecare e riciclare il pi\u00f9 possibile e anche per la scelta di essere Golden Donor del Fai, Fondo per l\u2019Ambiente Italiano&#8230;<\/p>\n","protected":false},"author":2,"featured_media":3762,"comment_status":"closed","ping_status":"closed","sticky":false,"template":"","format":"standard","meta":{"_acf_changed":false,"om_disable_all_campaigns":false,"_monsterinsights_skip_tracking":false,"_monsterinsights_sitenote_active":false,"_monsterinsights_sitenote_note":"","_monsterinsights_sitenote_category":0,"footnotes":""},"categories":[19],"tags":[],"class_list":["post-3675","post","type-post","status-publish","format-standard","has-post-thumbnail","hentry","category-news"],"acf":[],"yoast_head":"<!-- This site is optimized with the Yoast SEO plugin v27.4 - https:\/\/yoast.com\/product\/yoast-seo-wordpress\/ -->\n<title>Buone Feste insieme al Fai, Fondo per l\u2019Ambiente Italiano - eurodiesgroup<\/title>\n<meta name=\"description\" content=\"Un caloroso augurio di Buone Feste in salute e armonia a tutte le persone di Eurodies - dipendenti, clienti, fornitori e consulenti - e di un 2025 in cui dedicare un po\u2019 del proprio tempo anche alla bellezza della natura, dell\u2019arte e della storia.\" \/>\n<meta name=\"robots\" content=\"index, follow, max-snippet:-1, max-image-preview:large, max-video-preview:-1\" \/>\n<link rel=\"canonical\" href=\"https:\/\/www.eurodies.com\/it\/eurodies-buone-feste-con-il-fai\/\" \/>\n<meta property=\"og:locale\" content=\"it_IT\" \/>\n<meta property=\"og:type\" content=\"article\" \/>\n<meta property=\"og:title\" content=\"Buone Feste insieme al Fai, Fondo per l\u2019Ambiente Italiano - eurodiesgroup\" \/>\n<meta property=\"og:description\" content=\"Un caloroso augurio di Buone Feste in salute e armonia a tutte le persone di Eurodies - dipendenti, clienti, fornitori e consulenti - e di un 2025 in cui dedicare un po\u2019 del proprio tempo anche alla bellezza della natura, dell\u2019arte e della storia.\" \/>\n<meta property=\"og:url\" content=\"https:\/\/www.eurodies.com\/it\/eurodies-buone-feste-con-il-fai\/\" \/>\n<meta property=\"og:site_name\" content=\"eurodiesgroup\" \/>\n<meta property=\"article:published_time\" content=\"2024-12-02T13:33:59+00:00\" \/>\n<meta property=\"article:modified_time\" content=\"2024-12-17T13:52:37+00:00\" \/>\n<meta property=\"og:image\" content=\"https:\/\/www.eurodies.com\/wp-content\/uploads\/2024\/12\/Eurodies-Fai-auguri-1-1.jpg\" \/>\n\t<meta property=\"og:image:width\" content=\"1070\" \/>\n\t<meta property=\"og:image:height\" content=\"1350\" \/>\n\t<meta property=\"og:image:type\" content=\"image\/jpeg\" \/>\n<meta name=\"author\" content=\"eurodies\" \/>\n<meta name=\"twitter:card\" content=\"summary_large_image\" \/>\n<meta name=\"twitter:label1\" content=\"Scritto da\" \/>\n\t<meta name=\"twitter:data1\" content=\"eurodies\" \/>\n\t<meta name=\"twitter:label2\" content=\"Tempo di lettura stimato\" \/>\n\t<meta name=\"twitter:data2\" content=\"2 minuti\" \/>\n<!-- \/ Yoast SEO plugin. -->","yoast_head_json":{"title":"Buone Feste insieme al Fai, Fondo per l\u2019Ambiente Italiano - eurodiesgroup","description":"Un caloroso augurio di Buone Feste in salute e armonia a tutte le persone di Eurodies - dipendenti, clienti, fornitori e consulenti - e di un 2025 in cui dedicare un po\u2019 del proprio tempo anche alla bellezza della natura, dell\u2019arte e della storia.","robots":{"index":"index","follow":"follow","max-snippet":"max-snippet:-1","max-image-preview":"max-image-preview:large","max-video-preview":"max-video-preview:-1"},"canonical":"https:\/\/www.eurodies.com\/it\/eurodies-buone-feste-con-il-fai\/","og_locale":"it_IT","og_type":"article","og_title":"Buone Feste insieme al Fai, Fondo per l\u2019Ambiente Italiano - eurodiesgroup","og_description":"Un caloroso augurio di Buone Feste in salute e armonia a tutte le persone di Eurodies - dipendenti, clienti, fornitori e consulenti - e di un 2025 in cui dedicare un po\u2019 del proprio tempo anche alla bellezza della natura, dell\u2019arte e della storia.","og_url":"https:\/\/www.eurodies.com\/it\/eurodies-buone-feste-con-il-fai\/","og_site_name":"eurodiesgroup","article_published_time":"2024-12-02T13:33:59+00:00","article_modified_time":"2024-12-17T13:52:37+00:00","og_image":[{"width":1070,"height":1350,"url":"https:\/\/www.eurodies.com\/wp-content\/uploads\/2024\/12\/Eurodies-Fai-auguri-1-1.jpg","type":"image\/jpeg"}],"author":"eurodies","twitter_card":"summary_large_image","twitter_misc":{"Scritto da":"eurodies","Tempo di lettura stimato":"2 minuti"},"schema":{"@context":"https:\/\/schema.org","@graph":[{"@type":"Article","@id":"https:\/\/www.eurodies.com\/it\/eurodies-buone-feste-con-il-fai\/#article","isPartOf":{"@id":"https:\/\/www.eurodies.com\/it\/eurodies-buone-feste-con-il-fai\/"},"author":{"name":"eurodies","@id":"https:\/\/www.eurodies.com\/it\/#\/schema\/person\/2a2527daf78586f57697b3fbcb76a135"},"headline":"Buone Feste insieme al Fai, Fondo per l\u2019Ambiente Italiano","datePublished":"2024-12-02T13:33:59+00:00","dateModified":"2024-12-17T13:52:37+00:00","mainEntityOfPage":{"@id":"https:\/\/www.eurodies.com\/it\/eurodies-buone-feste-con-il-fai\/"},"wordCount":1622,"image":{"@id":"https:\/\/www.eurodies.com\/it\/eurodies-buone-feste-con-il-fai\/#primaryimage"},"thumbnailUrl":"https:\/\/www.eurodies.com\/wp-content\/uploads\/2024\/12\/Eurodies-Fai-auguri-1-1.jpg","articleSection":["News"],"inLanguage":"it-IT"},{"@type":"WebPage","@id":"https:\/\/www.eurodies.com\/it\/eurodies-buone-feste-con-il-fai\/","url":"https:\/\/www.eurodies.com\/it\/eurodies-buone-feste-con-il-fai\/","name":"Buone Feste insieme al Fai, Fondo per l\u2019Ambiente Italiano - eurodiesgroup","isPartOf":{"@id":"https:\/\/www.eurodies.com\/it\/#website"},"primaryImageOfPage":{"@id":"https:\/\/www.eurodies.com\/it\/eurodies-buone-feste-con-il-fai\/#primaryimage"},"image":{"@id":"https:\/\/www.eurodies.com\/it\/eurodies-buone-feste-con-il-fai\/#primaryimage"},"thumbnailUrl":"https:\/\/www.eurodies.com\/wp-content\/uploads\/2024\/12\/Eurodies-Fai-auguri-1-1.jpg","datePublished":"2024-12-02T13:33:59+00:00","dateModified":"2024-12-17T13:52:37+00:00","author":{"@id":"https:\/\/www.eurodies.com\/it\/#\/schema\/person\/2a2527daf78586f57697b3fbcb76a135"},"description":"Un caloroso augurio di Buone Feste in salute e armonia a tutte le persone di Eurodies - dipendenti, clienti, fornitori e consulenti - e di un 2025 in cui dedicare un po\u2019 del proprio tempo anche alla bellezza della natura, dell\u2019arte e della storia.","breadcrumb":{"@id":"https:\/\/www.eurodies.com\/it\/eurodies-buone-feste-con-il-fai\/#breadcrumb"},"inLanguage":"it-IT","potentialAction":[{"@type":"ReadAction","target":["https:\/\/www.eurodies.com\/it\/eurodies-buone-feste-con-il-fai\/"]}]},{"@type":"ImageObject","inLanguage":"it-IT","@id":"https:\/\/www.eurodies.com\/it\/eurodies-buone-feste-con-il-fai\/#primaryimage","url":"https:\/\/www.eurodies.com\/wp-content\/uploads\/2024\/12\/Eurodies-Fai-auguri-1-1.jpg","contentUrl":"https:\/\/www.eurodies.com\/wp-content\/uploads\/2024\/12\/Eurodies-Fai-auguri-1-1.jpg","width":1070,"height":1350},{"@type":"BreadcrumbList","@id":"https:\/\/www.eurodies.com\/it\/eurodies-buone-feste-con-il-fai\/#breadcrumb","itemListElement":[{"@type":"ListItem","position":1,"name":"Home","item":"https:\/\/www.eurodies.com\/it\/"},{"@type":"ListItem","position":2,"name":"Buone Feste insieme al Fai, Fondo per l\u2019Ambiente Italiano"}]},{"@type":"WebSite","@id":"https:\/\/www.eurodies.com\/it\/#website","url":"https:\/\/www.eurodies.com\/it\/","name":"eurodiesgroup","description":"Eurodies","potentialAction":[{"@type":"SearchAction","target":{"@type":"EntryPoint","urlTemplate":"https:\/\/www.eurodies.com\/it\/?s={search_term_string}"},"query-input":{"@type":"PropertyValueSpecification","valueRequired":true,"valueName":"search_term_string"}}],"inLanguage":"it-IT"},{"@type":"Person","@id":"https:\/\/www.eurodies.com\/it\/#\/schema\/person\/2a2527daf78586f57697b3fbcb76a135","name":"eurodies","image":{"@type":"ImageObject","inLanguage":"it-IT","@id":"https:\/\/secure.gravatar.com\/avatar\/a8ed0d978a378de326fd628d4cd8699ef8e77137f6a6c5009c6ecb5225787ba5?s=96&d=mm&r=g","url":"https:\/\/secure.gravatar.com\/avatar\/a8ed0d978a378de326fd628d4cd8699ef8e77137f6a6c5009c6ecb5225787ba5?s=96&d=mm&r=g","contentUrl":"https:\/\/secure.gravatar.com\/avatar\/a8ed0d978a378de326fd628d4cd8699ef8e77137f6a6c5009c6ecb5225787ba5?s=96&d=mm&r=g","caption":"eurodies"},"url":"https:\/\/www.eurodies.com\/it\/author\/eurodies\/"}]}},"_links":{"self":[{"href":"https:\/\/www.eurodies.com\/it\/wp-json\/wp\/v2\/posts\/3675","targetHints":{"allow":["GET"]}}],"collection":[{"href":"https:\/\/www.eurodies.com\/it\/wp-json\/wp\/v2\/posts"}],"about":[{"href":"https:\/\/www.eurodies.com\/it\/wp-json\/wp\/v2\/types\/post"}],"author":[{"embeddable":true,"href":"https:\/\/www.eurodies.com\/it\/wp-json\/wp\/v2\/users\/2"}],"replies":[{"embeddable":true,"href":"https:\/\/www.eurodies.com\/it\/wp-json\/wp\/v2\/comments?post=3675"}],"version-history":[{"count":0,"href":"https:\/\/www.eurodies.com\/it\/wp-json\/wp\/v2\/posts\/3675\/revisions"}],"wp:featuredmedia":[{"embeddable":true,"href":"https:\/\/www.eurodies.com\/it\/wp-json\/wp\/v2\/media\/3762"}],"wp:attachment":[{"href":"https:\/\/www.eurodies.com\/it\/wp-json\/wp\/v2\/media?parent=3675"}],"wp:term":[{"taxonomy":"category","embeddable":true,"href":"https:\/\/www.eurodies.com\/it\/wp-json\/wp\/v2\/categories?post=3675"},{"taxonomy":"post_tag","embeddable":true,"href":"https:\/\/www.eurodies.com\/it\/wp-json\/wp\/v2\/tags?post=3675"}],"curies":[{"name":"wp","href":"https:\/\/api.w.org\/{rel}","templated":true}]}}